{"id":941,"date":"2019-06-03T13:45:37","date_gmt":"2019-06-03T11:45:37","guid":{"rendered":"http:\/\/mu.itm.miun.se\/gdk_examen_2018\/?p=941"},"modified":"2019-06-03T20:50:16","modified_gmt":"2019-06-03T18:50:16","slug":"korall","status":"publish","type":"post","link":"https:\/\/design.miun.se\/gd\/examen_2018\/korall\/","title":{"rendered":"Korall\u00ae"},"content":{"rendered":"\n<figure class=\"wp-block-image\"><img loading=\"lazy\" decoding=\"async\" width=\"1024\" height=\"838\" src=\"http:\/\/mu.itm.miun.se\/gdk_examen_2018\/wp-content\/uploads\/2019\/06\/Erica-Eriksson-1024x838.png\" alt=\"\" class=\"wp-image-942\" srcset=\"https:\/\/design.miun.se\/gd\/examen_2018\/wp-content\/uploads\/2019\/06\/Erica-Eriksson-1024x838.png 1024w, https:\/\/design.miun.se\/gd\/examen_2018\/wp-content\/uploads\/2019\/06\/Erica-Eriksson-300x246.png 300w, https:\/\/design.miun.se\/gd\/examen_2018\/wp-content\/uploads\/2019\/06\/Erica-Eriksson-768x629.png 768w, https:\/\/design.miun.se\/gd\/examen_2018\/wp-content\/uploads\/2019\/06\/Erica-Eriksson-280x229.png 280w, https:\/\/design.miun.se\/gd\/examen_2018\/wp-content\/uploads\/2019\/06\/Erica-Eriksson-660x540.png 660w\" sizes=\"auto, (max-width: 1024px) 100vw, 1024px\" \/><\/figure>\n\n\n\n<figure class=\"wp-block-embed-vimeo wp-block-embed is-type-video is-provider-vimeo wp-embed-aspect-4-3 wp-has-aspect-ratio\"><div class=\"wp-block-embed__wrapper\">\n<iframe loading=\"lazy\" title=\"Korall\u00ae - Ett examensarbete\" src=\"https:\/\/player.vimeo.com\/video\/339963127?dnt=1&amp;app_id=122963\" width=\"660\" height=\"483\" frameborder=\"0\" allow=\"autoplay; fullscreen; picture-in-picture; clipboard-write\"><\/iframe>\n<\/div><\/figure>\n\n\n\n<p>Du som l\u00e4ser detta just nu har med all s\u00e4kerhet haft feber, och har d\u00e5 kanske ocks\u00e5 upplevt k\u00e4nslan av att \u201dbrinna upp\u201d, som \u00e4r symtomet av h\u00f6g feber.  <\/p>\n\n\n\n<p>Just nu g\u00e5r korallerna igenom samma sak. De uts\u00e4tts f\u00f6r n\u00e5got som<br> kallas korallblekning, vilket \u00e4r ett resultat av en \u00f6kad m\u00e4ngd v\u00e4xthusgaser i atmosf\u00e4ren, som h\u00f6jer temperaturen i havet. Korallerna \u00e4r oerh\u00f6rt viktiga f\u00f6r den biologiska m\u00e5ngfalden hos det marina livet och f\u00f6rser \u00e4ven mat och resurser till ca 500 miljoner m\u00e4nniskor. <\/p>\n\n\n\n<p>Mitt namn \u00e4r Erica, och mitt sj\u00e4lvst\u00e4ndiga arbete \u00e4r inriktat p\u00e5 FN:s<br> h\u00e5llbarhetsm\u00e5l nummer 13 och 14, att bek\u00e4mpa klimatf\u00f6r\u00e4ndringarna och bevara jordens hav och marina resurser. Mitt bidrag \u00e4r varum\u00e4rket Korall\u00ae, som arbetar f\u00f6r att sprida kunskap om koraller och erbjuda produkter som bidrar till minskad plasttillverkning och utsl\u00e4pp av v\u00e4xthusgaser. <\/p>\n\n\n\n<ul class=\"wp-block-gallery columns-2 is-cropped wp-block-gallery-2 is-layout-flex wp-block-gallery-is-layout-flex\"><li class=\"blocks-gallery-item\"><figure><img loading=\"lazy\" decoding=\"async\" width=\"683\" height=\"1024\" src=\"http:\/\/mu.itm.miun.se\/gdk_examen_2018\/wp-content\/uploads\/2019\/06\/PRODUKTFOTO2-683x1024.png\" alt=\"\" data-id=\"973\" data-link=\"http:\/\/mu.itm.miun.se\/gdk_examen_2018\/?attachment_id=973#main\" class=\"wp-image-973\" srcset=\"https:\/\/design.miun.se\/gd\/examen_2018\/wp-content\/uploads\/2019\/06\/PRODUKTFOTO2-683x1024.png 683w, https:\/\/design.miun.se\/gd\/examen_2018\/wp-content\/uploads\/2019\/06\/PRODUKTFOTO2-200x300.png 200w, https:\/\/design.miun.se\/gd\/examen_2018\/wp-content\/uploads\/2019\/06\/PRODUKTFOTO2-768x1152.png 768w, https:\/\/design.miun.se\/gd\/examen_2018\/wp-content\/uploads\/2019\/06\/PRODUKTFOTO2-280x420.png 280w, https:\/\/design.miun.se\/gd\/examen_2018\/wp-content\/uploads\/2019\/06\/PRODUKTFOTO2-660x990.png 660w\" sizes=\"auto, (max-width: 683px) 100vw, 683px\" \/><\/figure><\/li><li class=\"blocks-gallery-item\"><figure><img loading=\"lazy\" decoding=\"async\" width=\"1024\" height=\"683\" src=\"http:\/\/mu.itm.miun.se\/gdk_examen_2018\/wp-content\/uploads\/2019\/06\/Produktfoto-fra\u030an-utsta\u0308llning-1024x683.jpg\" alt=\"\" data-id=\"977\" data-link=\"http:\/\/mu.itm.miun.se\/gdk_examen_2018\/?attachment_id=977#main\" class=\"wp-image-977\" srcset=\"https:\/\/design.miun.se\/gd\/examen_2018\/wp-content\/uploads\/2019\/06\/Produktfoto-fra\u030an-utsta\u0308llning-1024x683.jpg 1024w, https:\/\/design.miun.se\/gd\/examen_2018\/wp-content\/uploads\/2019\/06\/Produktfoto-fra\u030an-utsta\u0308llning-300x200.jpg 300w, https:\/\/design.miun.se\/gd\/examen_2018\/wp-content\/uploads\/2019\/06\/Produktfoto-fra\u030an-utsta\u0308llning-768x512.jpg 768w, https:\/\/design.miun.se\/gd\/examen_2018\/wp-content\/uploads\/2019\/06\/Produktfoto-fra\u030an-utsta\u0308llning-280x187.jpg 280w, https:\/\/design.miun.se\/gd\/examen_2018\/wp-content\/uploads\/2019\/06\/Produktfoto-fra\u030an-utsta\u0308llning-660x440.jpg 660w\" sizes=\"auto, (max-width: 1024px) 100vw, 1024px\" \/><\/figure><\/li><\/ul>\n\n\n\n<p>Ovan \u00e4r en utav Koralls produkter i bild. Det \u00e4r en organisk handgjord tv\u00e5l som \u00e4r till f\u00f6r att minska plasttillverkning och har f\u00e5tt sina starka f\u00e4rger efter koraller. Tv\u00e5len \u00e4r f\u00f6rst inlindad i handgjort rispapper och sedan en sleeve av kartong som \u00e4r gjort p\u00e5 \u00e5tervunnet material. F\u00f6r varje s\u00e5ld tv\u00e5l sk\u00e4nks en krona till fem olika organisationer som v\u00e4rnar om marinliv och koraller.<\/p>\n\n\n\n<ul class=\"wp-block-gallery columns-2 is-cropped wp-block-gallery-3 is-layout-flex wp-block-gallery-is-layout-flex\"><li class=\"blocks-gallery-item\"><figure><img loading=\"lazy\" decoding=\"async\" width=\"1024\" height=\"574\" src=\"http:\/\/mu.itm.miun.se\/gdk_examen_2018\/wp-content\/uploads\/2019\/06\/PRODUKTFOTO--1024x574.png\" alt=\"\" data-id=\"978\" data-link=\"http:\/\/mu.itm.miun.se\/gdk_examen_2018\/?attachment_id=978#main\" class=\"wp-image-978\" srcset=\"https:\/\/design.miun.se\/gd\/examen_2018\/wp-content\/uploads\/2019\/06\/PRODUKTFOTO--1024x574.png 1024w, https:\/\/design.miun.se\/gd\/examen_2018\/wp-content\/uploads\/2019\/06\/PRODUKTFOTO--300x168.png 300w, https:\/\/design.miun.se\/gd\/examen_2018\/wp-content\/uploads\/2019\/06\/PRODUKTFOTO--768x431.png 768w, https:\/\/design.miun.se\/gd\/examen_2018\/wp-content\/uploads\/2019\/06\/PRODUKTFOTO--280x157.png 280w, https:\/\/design.miun.se\/gd\/examen_2018\/wp-content\/uploads\/2019\/06\/PRODUKTFOTO--660x370.png 660w\" sizes=\"auto, (max-width: 1024px) 100vw, 1024px\" \/><\/figure><\/li><li class=\"blocks-gallery-item\"><figure><img loading=\"lazy\" decoding=\"async\" width=\"1024\" height=\"790\" src=\"http:\/\/mu.itm.miun.se\/gdk_examen_2018\/wp-content\/uploads\/2019\/06\/PRODUKT-1024x790.png\" alt=\"\" data-id=\"980\" data-link=\"http:\/\/mu.itm.miun.se\/gdk_examen_2018\/?attachment_id=980#main\" class=\"wp-image-980\" srcset=\"https:\/\/design.miun.se\/gd\/examen_2018\/wp-content\/uploads\/2019\/06\/PRODUKT-1024x790.png 1024w, https:\/\/design.miun.se\/gd\/examen_2018\/wp-content\/uploads\/2019\/06\/PRODUKT-300x231.png 300w, https:\/\/design.miun.se\/gd\/examen_2018\/wp-content\/uploads\/2019\/06\/PRODUKT-768x592.png 768w, https:\/\/design.miun.se\/gd\/examen_2018\/wp-content\/uploads\/2019\/06\/PRODUKT-280x216.png 280w, https:\/\/design.miun.se\/gd\/examen_2018\/wp-content\/uploads\/2019\/06\/PRODUKT-660x509.png 660w\" sizes=\"auto, (max-width: 1024px) 100vw, 1024px\" \/><\/figure><\/li><\/ul>\n\n\n\n<p>Ovan \u00e4r Koralls andra produkt i bild. Det \u00e4r en mild handgjord reng\u00f6ringspasta till ansiktet som inte bara minskar plasttillverkning genom att vara f\u00f6rpackad i glas med metallock, utan ska \u00e4ven minska utsl\u00e4pp av v\u00e4xthusgaser genom att f\u00e5 Sverige att handla inrikes och inte importera dessa produkter. Korall\u00ae erbjuder rabatt mot att kunden skickar tillbaka burken f\u00f6r p\u00e5fyllning, s\u00e5 att f\u00f6rpackningen kan \u00e5teranv\u00e4ndas igen och igen.<\/p>\n\n\n\n<figure class=\"wp-block-image\"><img loading=\"lazy\" decoding=\"async\" width=\"1024\" height=\"512\" src=\"http:\/\/mu.itm.miun.se\/gdk_examen_2018\/wp-content\/uploads\/2019\/06\/PRODUKTFOTO4-1024x512.png\" alt=\"\" class=\"wp-image-981\" srcset=\"https:\/\/design.miun.se\/gd\/examen_2018\/wp-content\/uploads\/2019\/06\/PRODUKTFOTO4-1024x512.png 1024w, https:\/\/design.miun.se\/gd\/examen_2018\/wp-content\/uploads\/2019\/06\/PRODUKTFOTO4-300x150.png 300w, https:\/\/design.miun.se\/gd\/examen_2018\/wp-content\/uploads\/2019\/06\/PRODUKTFOTO4-768x384.png 768w, https:\/\/design.miun.se\/gd\/examen_2018\/wp-content\/uploads\/2019\/06\/PRODUKTFOTO4-280x140.png 280w, https:\/\/design.miun.se\/gd\/examen_2018\/wp-content\/uploads\/2019\/06\/PRODUKTFOTO4-660x330.png 660w\" sizes=\"auto, (max-width: 1024px) 100vw, 1024px\" \/><figcaption><em>I bild: alla tv\u00e5lar i sina starka f\u00e4rger.<\/em><\/figcaption><\/figure>\n","protected":false},"excerpt":{"rendered":"<p>Du som l\u00e4ser detta just nu har med all s\u00e4kerhet haft feber, och har d\u00e5 kanske ocks\u00e5 upplevt k\u00e4nslan av att \u201dbrinna upp\u201d, som \u00e4r symtomet av h\u00f6g feber. Just nu g\u00e5r korallerna igenom samma sak. De uts\u00e4tts f\u00f6r n\u00e5got som kallas korallblekning, vilket \u00e4r ett resultat av en \u00f6kad m\u00e4ngd v\u00e4xthusgaser i atmosf\u00e4ren, som &#8230;<\/p>\n<p><a href=\"https:\/\/design.miun.se\/gd\/examen_2018\/korall\/\" class=\"more-link\">More <span class=\"meta-nav\">&rarr;<\/span><\/a><\/p>\n","protected":false},"author":44,"featured_media":996,"comment_status":"open","ping_status":"open","sticky":false,"template":"","format":"standard","meta":{"footnotes":""},"categories":[71],"tags":[],"class_list":["post-941","post","type-post","status-publish","format-standard","has-post-thumbnail","hentry","category-71"],"_links":{"self":[{"href":"https:\/\/design.miun.se\/gd\/examen_2018\/wp-json\/wp\/v2\/posts\/941","targetHints":{"allow":["GET"]}}],"collection":[{"href":"https:\/\/design.miun.se\/gd\/examen_2018\/wp-json\/wp\/v2\/posts"}],"about":[{"href":"https:\/\/design.miun.se\/gd\/examen_2018\/wp-json\/wp\/v2\/types\/post"}],"author":[{"embeddable":true,"href":"https:\/\/design.miun.se\/gd\/examen_2018\/wp-json\/wp\/v2\/users\/44"}],"replies":[{"embeddable":true,"href":"https:\/\/design.miun.se\/gd\/examen_2018\/wp-json\/wp\/v2\/comments?post=941"}],"version-history":[{"count":3,"href":"https:\/\/design.miun.se\/gd\/examen_2018\/wp-json\/wp\/v2\/posts\/941\/revisions"}],"predecessor-version":[{"id":997,"href":"https:\/\/design.miun.se\/gd\/examen_2018\/wp-json\/wp\/v2\/posts\/941\/revisions\/997"}],"wp:featuredmedia":[{"embeddable":true,"href":"https:\/\/design.miun.se\/gd\/examen_2018\/wp-json\/wp\/v2\/media\/996"}],"wp:attachment":[{"href":"https:\/\/design.miun.se\/gd\/examen_2018\/wp-json\/wp\/v2\/media?parent=941"}],"wp:term":[{"taxonomy":"category","embeddable":true,"href":"https:\/\/design.miun.se\/gd\/examen_2018\/wp-json\/wp\/v2\/categories?post=941"},{"taxonomy":"post_tag","embeddable":true,"href":"https:\/\/design.miun.se\/gd\/examen_2018\/wp-json\/wp\/v2\/tags?post=941"}],"curies":[{"name":"wp","href":"https:\/\/api.w.org\/{rel}","templated":true}]}}